{"id":8554,"date":"2023-10-19T10:43:54","date_gmt":"2023-10-19T08:43:54","guid":{"rendered":"https:\/\/www.panter.ch\/panter-und-oebu-fuer-mehr-nachhaltigkeit\/"},"modified":"2025-03-13T08:56:02","modified_gmt":"2025-03-13T07:56:02","slug":"panter-und-oebu-fuer-mehr-nachhaltigkeit","status":"publish","type":"post","link":"https:\/\/www.panter.ch\/en\/stories\/panter-und-oebu-fuer-mehr-nachhaltigkeit\/","title":{"rendered":"Panter tritt \u00f6bu bei"},"content":{"rendered":"[vc_row type=&#8221;in_container&#8221; full_screen_row_position=&#8221;middle&#8221; column_margin=&#8221;default&#8221; column_direction=&#8221;default&#8221; column_direction_tablet=&#8221;default&#8221; column_direction_phone=&#8221;default&#8221; scene_position=&#8221;center&#8221; text_color=&#8221;dark&#8221; text_align=&#8221;left&#8221; row_border_radius=&#8221;none&#8221; row_border_radius_applies=&#8221;bg&#8221; overflow=&#8221;visible&#8221; overlay_strength=&#8221;0.3&#8243; gradient_direction=&#8221;left_to_right&#8221; shape_divider_position=&#8221;bottom&#8221; bg_image_animation=&#8221;none&#8221;][vc_column column_padding=&#8221;no-extra-padding&#8221; column_padding_tablet=&#8221;inherit&#8221; column_padding_phone=&#8221;inherit&#8221; column_padding_position=&#8221;all&#8221; column_element_direction_desktop=&#8221;default&#8221; column_element_spacing=&#8221;default&#8221; desktop_text_alignment=&#8221;default&#8221; tablet_text_alignment=&#8221;default&#8221; phone_text_alignment=&#8221;default&#8221; background_color_opacity=&#8221;1&#8243; background_hover_color_opacity=&#8221;1&#8243; column_backdrop_filter=&#8221;none&#8221; column_shadow=&#8221;none&#8221; column_border_radius=&#8221;none&#8221; column_link_target=&#8221;_self&#8221; column_position=&#8221;default&#8221; gradient_direction=&#8221;left_to_right&#8221; overlay_strength=&#8221;0.3&#8243; width=&#8221;1\/1&#8243; tablet_width_inherit=&#8221;default&#8221; animation_type=&#8221;default&#8221; bg_image_animation=&#8221;none&#8221; border_type=&#8221;simple&#8221; column_border_width=&#8221;none&#8221; column_border_style=&#8221;solid&#8221;][vc_column_text]Wir sehen die Verbandsmitgliedschaft bei <a href=\"https:\/\/www.oebu.ch\">\u00f6bu<\/a> als spannende Partnerschaft, welche im Einklang mit unserer Mission steht, Nachhaltigkeit und Innovation in der IT-Branche zu f\u00f6rdern. Ebenso m\u00f6chten wir mit mehr Projekten im Bereich Sustainable Technology aktiv dazu beitragen.[\/vc_column_text][\/vc_column][\/vc_row][vc_row type=&#8221;in_container&#8221; full_screen_row_position=&#8221;middle&#8221; column_margin=&#8221;default&#8221; column_direction=&#8221;default&#8221; column_direction_tablet=&#8221;default&#8221; column_direction_phone=&#8221;default&#8221; scene_position=&#8221;center&#8221; text_color=&#8221;dark&#8221; text_align=&#8221;left&#8221; row_border_radius=&#8221;none&#8221; row_border_radius_applies=&#8221;bg&#8221; overflow=&#8221;visible&#8221; overlay_strength=&#8221;0.3&#8243; gradient_direction=&#8221;left_to_right&#8221; shape_divider_position=&#8221;bottom&#8221; bg_image_animation=&#8221;none&#8221;][vc_column column_padding=&#8221;no-extra-padding&#8221; column_padding_tablet=&#8221;inherit&#8221; column_padding_phone=&#8221;inherit&#8221; column_padding_position=&#8221;all&#8221; column_element_direction_desktop=&#8221;default&#8221; column_element_spacing=&#8221;default&#8221; desktop_text_alignment=&#8221;default&#8221; tablet_text_alignment=&#8221;default&#8221; phone_text_alignment=&#8221;default&#8221; background_color_opacity=&#8221;1&#8243; background_hover_color_opacity=&#8221;1&#8243; column_backdrop_filter=&#8221;none&#8221; column_shadow=&#8221;none&#8221; column_border_radius=&#8221;none&#8221; column_link_target=&#8221;_self&#8221; column_position=&#8221;default&#8221; gradient_direction=&#8221;left_to_right&#8221; overlay_strength=&#8221;0.3&#8243; width=&#8221;1\/1&#8243; tablet_width_inherit=&#8221;default&#8221; animation_type=&#8221;default&#8221; bg_image_animation=&#8221;none&#8221; border_type=&#8221;simple&#8221; column_border_width=&#8221;none&#8221; column_border_style=&#8221;solid&#8221;][vc_column_text]\n<h3><strong>Unsere Verpflichtung zur Nachhaltigkeit<\/strong><\/h3>\n[\/vc_column_text][vc_column_text]Die nachhaltige Entwicklung ist mehr als nur ein Schlagwort f\u00fcr uns. Wir sind fest davon \u00fcberzeugt, dass Unternehmen eine wichtige Rolle dabei spielen, \u00f6kologische, soziale und wirtschaftliche Herausforderungen anzugehen. Als Mitglied bei \u00f6bu tragen wir dazu bei, nachhaltiges Wirtschaften zur Norm zu machen.<\/p>\n<p>Bei Panter sind wir stolz darauf, Mitglied bei \u00f6bu zu sein und freuen uns auf die Zusammenarbeit, um eine nachhaltige, innovative und wettbewerbsf\u00e4hige Zukunft zu gestalten.[\/vc_column_text][\/vc_column][\/vc_row]\n","protected":false},"excerpt":{"rendered":"<p>Wir freuen uns, bekannt geben zu k\u00f6nnen, dass wir nun stolzes \u00f6bu-Verbandsmitglied sind.<\/p>\n","protected":false},"author":3,"featured_media":6211,"comment_status":"closed","ping_status":"open","sticky":false,"template":"","format":"standard","meta":{"om_disable_all_campaigns":false,"inline_featured_image":false,"footnotes":""},"categories":[274,311],"tags":[173,174,175,176,177],"class_list":{"0":"post-8554","1":"post","2":"type-post","3":"status-publish","4":"format-standard","5":"has-post-thumbnail","7":"category-blog-en","8":"category-news-en","9":"tag-kommunikation-en","10":"tag-kreislaufwirtschaft-en","11":"tag-nachhaltigkeit-en","12":"tag-news-en","13":"tag-oebu-en"},"yoast_head":"<!-- This site is optimized with the Yoast SEO Premium plugin v27.4 (Yoast SEO v27.4) - https:\/\/yoast.com\/product\/yoast-seo-premium-wordpress\/ -->\n<title>Panter &amp; \u00f6bu f\u00fcr mehr Nachhaltigkeit | Panter AG<\/title>\n<meta name=\"description\" content=\"Panter ist neu \u00f6bu-Verbandsmitglied und setzt sich zuk\u00fcnftig noch st\u00e4rker f\u00fcr Nachhaltigkeit und eine innovative Zukunft ein.\" \/>\n<meta name=\"robots\" content=\"index, follow, max-snippet:-1, max-image-preview:large, max-video-preview:-1\" \/>\n<link rel=\"canonical\" href=\"https:\/\/www.panter.ch\/en\/stories\/panter-und-oebu-fuer-mehr-nachhaltigkeit\/\" \/>\n<meta property=\"og:locale\" content=\"en_US\" \/>\n<meta property=\"og:type\" content=\"article\" \/>\n<meta property=\"og:title\" content=\"Panter tritt \u00f6bu bei\" \/>\n<meta property=\"og:description\" content=\"Panter ist neu \u00f6bu-Verbandsmitglied und setzt sich zuk\u00fcnftig noch st\u00e4rker f\u00fcr Nachhaltigkeit und eine innovative Zukunft ein.\" \/>\n<meta property=\"og:url\" content=\"https:\/\/www.panter.ch\/stories\/panter-und-oebu-fuer-mehr-nachhaltigkeit\/\" \/>\n<meta property=\"og:site_name\" content=\"Panter AG\" \/>\n<meta property=\"article:publisher\" content=\"https:\/\/www.facebook.com\/panterch\" \/>\n<meta property=\"article:published_time\" content=\"2023-10-19T08:43:54+00:00\" \/>\n<meta property=\"article:modified_time\" content=\"2025-03-13T07:56:02+00:00\" \/>\n<meta property=\"og:image\" content=\"https:\/\/www.panter.ch\/wp-content\/uploads\/IMG_2550-scaled.webp\" \/>\n\t<meta property=\"og:image:width\" content=\"2560\" \/>\n\t<meta property=\"og:image:height\" content=\"1920\" \/>\n\t<meta property=\"og:image:type\" content=\"image\/jpeg\" \/>\n<meta name=\"author\" content=\"Roberto\" \/>\n<meta name=\"twitter:card\" content=\"summary_large_image\" \/>\n<meta name=\"twitter:creator\" content=\"@panterch\" \/>\n<meta name=\"twitter:site\" content=\"@panterch\" \/>\n<meta name=\"twitter:label1\" content=\"Written by\" \/>\n\t<meta name=\"twitter:data1\" content=\"Roberto\" \/>\n\t<meta name=\"twitter:label2\" content=\"Est. reading time\" \/>\n\t<meta name=\"twitter:data2\" content=\"1 minute\" \/>\n<script type=\"application\/ld+json\" class=\"yoast-schema-graph\">{\"@context\":\"https:\\\/\\\/schema.org\",\"@graph\":[{\"@type\":\"Article\",\"@id\":\"https:\\\/\\\/www.panter.ch\\\/stories\\\/panter-und-oebu-fuer-mehr-nachhaltigkeit\\\/#article\",\"isPartOf\":{\"@id\":\"https:\\\/\\\/www.panter.ch\\\/en\\\/stories\\\/panter-und-oebu-fuer-mehr-nachhaltigkeit\\\/\"},\"author\":{\"name\":\"Roberto\",\"@id\":\"https:\\\/\\\/www.panter.ch\\\/en\\\/#\\\/schema\\\/person\\\/17955a8092d4a5671347f2f158635479\"},\"headline\":\"Panter tritt \u00f6bu bei\",\"datePublished\":\"2023-10-19T08:43:54+00:00\",\"dateModified\":\"2025-03-13T07:56:02+00:00\",\"mainEntityOfPage\":{\"@id\":\"https:\\\/\\\/www.panter.ch\\\/en\\\/stories\\\/panter-und-oebu-fuer-mehr-nachhaltigkeit\\\/\"},\"wordCount\":448,\"publisher\":{\"@id\":\"https:\\\/\\\/www.panter.ch\\\/en\\\/#organization\"},\"image\":{\"@id\":\"https:\\\/\\\/www.panter.ch\\\/stories\\\/panter-und-oebu-fuer-mehr-nachhaltigkeit\\\/#primaryimage\"},\"thumbnailUrl\":\"https:\\\/\\\/www.panter.ch\\\/wp-content\\\/uploads\\\/IMG_2550-scaled.webp\",\"keywords\":[\"Kommunikation\",\"Kreislaufwirtschaft\",\"Nachhaltigkeit\",\"News\",\"\u00f6bu\"],\"articleSection\":[\"Blog\",\"News\"],\"inLanguage\":\"en-US\"},{\"@type\":\"WebPage\",\"@id\":\"https:\\\/\\\/www.panter.ch\\\/en\\\/stories\\\/panter-und-oebu-fuer-mehr-nachhaltigkeit\\\/\",\"url\":\"https:\\\/\\\/www.panter.ch\\\/stories\\\/panter-und-oebu-fuer-mehr-nachhaltigkeit\\\/\",\"name\":\"Panter & \u00f6bu f\u00fcr mehr Nachhaltigkeit | Panter AG\",\"isPartOf\":{\"@id\":\"https:\\\/\\\/www.panter.ch\\\/en\\\/#website\"},\"primaryImageOfPage\":{\"@id\":\"https:\\\/\\\/www.panter.ch\\\/stories\\\/panter-und-oebu-fuer-mehr-nachhaltigkeit\\\/#primaryimage\"},\"image\":{\"@id\":\"https:\\\/\\\/www.panter.ch\\\/stories\\\/panter-und-oebu-fuer-mehr-nachhaltigkeit\\\/#primaryimage\"},\"thumbnailUrl\":\"https:\\\/\\\/www.panter.ch\\\/wp-content\\\/uploads\\\/IMG_2550-scaled.webp\",\"datePublished\":\"2023-10-19T08:43:54+00:00\",\"dateModified\":\"2025-03-13T07:56:02+00:00\",\"description\":\"Panter ist neu \u00f6bu-Verbandsmitglied und setzt sich zuk\u00fcnftig noch st\u00e4rker f\u00fcr Nachhaltigkeit und eine innovative Zukunft ein.\",\"breadcrumb\":{\"@id\":\"https:\\\/\\\/www.panter.ch\\\/stories\\\/panter-und-oebu-fuer-mehr-nachhaltigkeit\\\/#breadcrumb\"},\"inLanguage\":\"en-US\",\"potentialAction\":[{\"@type\":\"ReadAction\",\"target\":[\"https:\\\/\\\/www.panter.ch\\\/stories\\\/panter-und-oebu-fuer-mehr-nachhaltigkeit\\\/\"]}]},{\"@type\":\"ImageObject\",\"inLanguage\":\"en-US\",\"@id\":\"https:\\\/\\\/www.panter.ch\\\/stories\\\/panter-und-oebu-fuer-mehr-nachhaltigkeit\\\/#primaryimage\",\"url\":\"https:\\\/\\\/www.panter.ch\\\/wp-content\\\/uploads\\\/IMG_2550-scaled.webp\",\"contentUrl\":\"https:\\\/\\\/www.panter.ch\\\/wp-content\\\/uploads\\\/IMG_2550-scaled.webp\",\"width\":2560,\"height\":1920,\"caption\":\"Bild f\u00fcr die Panter AG zur Illustration der \u00f6bu-Verbandsmitgliedschaft. Foto: Roberto De Bonis\"},{\"@type\":\"BreadcrumbList\",\"@id\":\"https:\\\/\\\/www.panter.ch\\\/stories\\\/panter-und-oebu-fuer-mehr-nachhaltigkeit\\\/#breadcrumb\",\"itemListElement\":[{\"@type\":\"ListItem\",\"position\":1,\"name\":\"Home\",\"item\":\"https:\\\/\\\/www.panter.ch\\\/en\\\/salient-architect-landing\\\/\"},{\"@type\":\"ListItem\",\"position\":2,\"name\":\"Panter tritt \u00f6bu bei\"}]},{\"@type\":\"WebSite\",\"@id\":\"https:\\\/\\\/www.panter.ch\\\/en\\\/#website\",\"url\":\"https:\\\/\\\/www.panter.ch\\\/en\\\/\",\"name\":\"Panter AG\",\"description\":\"Smarter, better, human.\",\"publisher\":{\"@id\":\"https:\\\/\\\/www.panter.ch\\\/en\\\/#organization\"},\"potentialAction\":[{\"@type\":\"SearchAction\",\"target\":{\"@type\":\"EntryPoint\",\"urlTemplate\":\"https:\\\/\\\/www.panter.ch\\\/en\\\/?s={search_term_string}\"},\"query-input\":{\"@type\":\"PropertyValueSpecification\",\"valueRequired\":true,\"valueName\":\"search_term_string\"}}],\"inLanguage\":\"en-US\"},{\"@type\":\"Organization\",\"@id\":\"https:\\\/\\\/www.panter.ch\\\/en\\\/#organization\",\"name\":\"Panter AG\",\"alternateName\":\"Panter\",\"url\":\"https:\\\/\\\/www.panter.ch\\\/en\\\/\",\"logo\":{\"@type\":\"ImageObject\",\"inLanguage\":\"en-US\",\"@id\":\"https:\\\/\\\/www.panter.ch\\\/en\\\/#\\\/schema\\\/logo\\\/image\\\/\",\"url\":\"https:\\\/\\\/www.panter.ch\\\/wp-content\\\/uploads\\\/Panter_Favicon_696x696.jpg\",\"contentUrl\":\"https:\\\/\\\/www.panter.ch\\\/wp-content\\\/uploads\\\/Panter_Favicon_696x696.jpg\",\"width\":696,\"height\":696,\"caption\":\"Panter AG\"},\"image\":{\"@id\":\"https:\\\/\\\/www.panter.ch\\\/en\\\/#\\\/schema\\\/logo\\\/image\\\/\"},\"sameAs\":[\"https:\\\/\\\/www.facebook.com\\\/panterch\",\"https:\\\/\\\/x.com\\\/panterch\",\"https:\\\/\\\/ch.linkedin.com\\\/company\\\/panter-ch\",\"https:\\\/\\\/www.instagram.com\\\/panter.ch\\\/\",\"https:\\\/\\\/github.com\\\/panter\"],\"description\":\"Wir von Panter sind Macher und Techies mit interdisziplin\u00e4rem Know-how \u2013 von Softwareentwicklung \u00fcber Design bis zu AI-Expertise. Mit innovativen, nutzerzentrierten L\u00f6sungen, modernster Technologie und einem starken Netzwerk entwickeln wir Services, die Ihre Nutzer begeistern und Ihr Unternehmen voranbringen. Als Schweizer Software- und Beratungsunternehmen stehen wir f\u00fcr Qualit\u00e4t, Innovationskraft und partnerschaftliche Zusammenarbeit \u2013 mit Herz und Verstand.\",\"email\":\"hello@panter.ch\",\"telephone\":\"+41 44 500 29 04\",\"legalName\":\"Panter AG\",\"foundingDate\":\"2005-01-01\",\"vatID\":\"CHE-262.202.358\",\"numberOfEmployees\":{\"@type\":\"QuantitativeValue\",\"minValue\":\"11\",\"maxValue\":\"50\"}},{\"@type\":\"Person\",\"@id\":\"https:\\\/\\\/www.panter.ch\\\/en\\\/#\\\/schema\\\/person\\\/17955a8092d4a5671347f2f158635479\",\"name\":\"Roberto\",\"image\":{\"@type\":\"ImageObject\",\"inLanguage\":\"en-US\",\"@id\":\"https:\\\/\\\/secure.gravatar.com\\\/avatar\\\/63049a62ffa6445b337ce3fa0e7ad5dbf289f7541d5f9e0f10d871cc3b4241a8?s=96&d=mm&r=g\",\"url\":\"https:\\\/\\\/secure.gravatar.com\\\/avatar\\\/63049a62ffa6445b337ce3fa0e7ad5dbf289f7541d5f9e0f10d871cc3b4241a8?s=96&d=mm&r=g\",\"contentUrl\":\"https:\\\/\\\/secure.gravatar.com\\\/avatar\\\/63049a62ffa6445b337ce3fa0e7ad5dbf289f7541d5f9e0f10d871cc3b4241a8?s=96&d=mm&r=g\",\"caption\":\"Roberto\"}}]}<\/script>\n<!-- \/ Yoast SEO Premium plugin. -->","yoast_head_json":{"title":"Panter & \u00f6bu f\u00fcr mehr Nachhaltigkeit | Panter AG","description":"Panter ist neu \u00f6bu-Verbandsmitglied und setzt sich zuk\u00fcnftig noch st\u00e4rker f\u00fcr Nachhaltigkeit und eine innovative Zukunft ein.","robots":{"index":"index","follow":"follow","max-snippet":"max-snippet:-1","max-image-preview":"max-image-preview:large","max-video-preview":"max-video-preview:-1"},"canonical":"https:\/\/www.panter.ch\/en\/stories\/panter-und-oebu-fuer-mehr-nachhaltigkeit\/","og_locale":"en_US","og_type":"article","og_title":"Panter tritt \u00f6bu bei","og_description":"Panter ist neu \u00f6bu-Verbandsmitglied und setzt sich zuk\u00fcnftig noch st\u00e4rker f\u00fcr Nachhaltigkeit und eine innovative Zukunft ein.","og_url":"https:\/\/www.panter.ch\/stories\/panter-und-oebu-fuer-mehr-nachhaltigkeit\/","og_site_name":"Panter AG","article_publisher":"https:\/\/www.facebook.com\/panterch","article_published_time":"2023-10-19T08:43:54+00:00","article_modified_time":"2025-03-13T07:56:02+00:00","og_image":[{"width":2560,"height":1920,"url":"https:\/\/www.panter.ch\/wp-content\/uploads\/IMG_2550-scaled.webp","type":"image\/jpeg"}],"author":"Roberto","twitter_card":"summary_large_image","twitter_creator":"@panterch","twitter_site":"@panterch","twitter_misc":{"Written by":"Roberto","Est. reading time":"1 minute"},"schema":{"@context":"https:\/\/schema.org","@graph":[{"@type":"Article","@id":"https:\/\/www.panter.ch\/stories\/panter-und-oebu-fuer-mehr-nachhaltigkeit\/#article","isPartOf":{"@id":"https:\/\/www.panter.ch\/en\/stories\/panter-und-oebu-fuer-mehr-nachhaltigkeit\/"},"author":{"name":"Roberto","@id":"https:\/\/www.panter.ch\/en\/#\/schema\/person\/17955a8092d4a5671347f2f158635479"},"headline":"Panter tritt \u00f6bu bei","datePublished":"2023-10-19T08:43:54+00:00","dateModified":"2025-03-13T07:56:02+00:00","mainEntityOfPage":{"@id":"https:\/\/www.panter.ch\/en\/stories\/panter-und-oebu-fuer-mehr-nachhaltigkeit\/"},"wordCount":448,"publisher":{"@id":"https:\/\/www.panter.ch\/en\/#organization"},"image":{"@id":"https:\/\/www.panter.ch\/stories\/panter-und-oebu-fuer-mehr-nachhaltigkeit\/#primaryimage"},"thumbnailUrl":"https:\/\/www.panter.ch\/wp-content\/uploads\/IMG_2550-scaled.webp","keywords":["Kommunikation","Kreislaufwirtschaft","Nachhaltigkeit","News","\u00f6bu"],"articleSection":["Blog","News"],"inLanguage":"en-US"},{"@type":"WebPage","@id":"https:\/\/www.panter.ch\/en\/stories\/panter-und-oebu-fuer-mehr-nachhaltigkeit\/","url":"https:\/\/www.panter.ch\/stories\/panter-und-oebu-fuer-mehr-nachhaltigkeit\/","name":"Panter & \u00f6bu f\u00fcr mehr Nachhaltigkeit | Panter AG","isPartOf":{"@id":"https:\/\/www.panter.ch\/en\/#website"},"primaryImageOfPage":{"@id":"https:\/\/www.panter.ch\/stories\/panter-und-oebu-fuer-mehr-nachhaltigkeit\/#primaryimage"},"image":{"@id":"https:\/\/www.panter.ch\/stories\/panter-und-oebu-fuer-mehr-nachhaltigkeit\/#primaryimage"},"thumbnailUrl":"https:\/\/www.panter.ch\/wp-content\/uploads\/IMG_2550-scaled.webp","datePublished":"2023-10-19T08:43:54+00:00","dateModified":"2025-03-13T07:56:02+00:00","description":"Panter ist neu \u00f6bu-Verbandsmitglied und setzt sich zuk\u00fcnftig noch st\u00e4rker f\u00fcr Nachhaltigkeit und eine innovative Zukunft ein.","breadcrumb":{"@id":"https:\/\/www.panter.ch\/stories\/panter-und-oebu-fuer-mehr-nachhaltigkeit\/#breadcrumb"},"inLanguage":"en-US","potentialAction":[{"@type":"ReadAction","target":["https:\/\/www.panter.ch\/stories\/panter-und-oebu-fuer-mehr-nachhaltigkeit\/"]}]},{"@type":"ImageObject","inLanguage":"en-US","@id":"https:\/\/www.panter.ch\/stories\/panter-und-oebu-fuer-mehr-nachhaltigkeit\/#primaryimage","url":"https:\/\/www.panter.ch\/wp-content\/uploads\/IMG_2550-scaled.webp","contentUrl":"https:\/\/www.panter.ch\/wp-content\/uploads\/IMG_2550-scaled.webp","width":2560,"height":1920,"caption":"Bild f\u00fcr die Panter AG zur Illustration der \u00f6bu-Verbandsmitgliedschaft. Foto: Roberto De Bonis"},{"@type":"BreadcrumbList","@id":"https:\/\/www.panter.ch\/stories\/panter-und-oebu-fuer-mehr-nachhaltigkeit\/#breadcrumb","itemListElement":[{"@type":"ListItem","position":1,"name":"Home","item":"https:\/\/www.panter.ch\/en\/salient-architect-landing\/"},{"@type":"ListItem","position":2,"name":"Panter tritt \u00f6bu bei"}]},{"@type":"WebSite","@id":"https:\/\/www.panter.ch\/en\/#website","url":"https:\/\/www.panter.ch\/en\/","name":"Panter AG","description":"Smarter, better, human.","publisher":{"@id":"https:\/\/www.panter.ch\/en\/#organization"},"potentialAction":[{"@type":"SearchAction","target":{"@type":"EntryPoint","urlTemplate":"https:\/\/www.panter.ch\/en\/?s={search_term_string}"},"query-input":{"@type":"PropertyValueSpecification","valueRequired":true,"valueName":"search_term_string"}}],"inLanguage":"en-US"},{"@type":"Organization","@id":"https:\/\/www.panter.ch\/en\/#organization","name":"Panter AG","alternateName":"Panter","url":"https:\/\/www.panter.ch\/en\/","logo":{"@type":"ImageObject","inLanguage":"en-US","@id":"https:\/\/www.panter.ch\/en\/#\/schema\/logo\/image\/","url":"https:\/\/www.panter.ch\/wp-content\/uploads\/Panter_Favicon_696x696.jpg","contentUrl":"https:\/\/www.panter.ch\/wp-content\/uploads\/Panter_Favicon_696x696.jpg","width":696,"height":696,"caption":"Panter AG"},"image":{"@id":"https:\/\/www.panter.ch\/en\/#\/schema\/logo\/image\/"},"sameAs":["https:\/\/www.facebook.com\/panterch","https:\/\/x.com\/panterch","https:\/\/ch.linkedin.com\/company\/panter-ch","https:\/\/www.instagram.com\/panter.ch\/","https:\/\/github.com\/panter"],"description":"Wir von Panter sind Macher und Techies mit interdisziplin\u00e4rem Know-how \u2013 von Softwareentwicklung \u00fcber Design bis zu AI-Expertise. Mit innovativen, nutzerzentrierten L\u00f6sungen, modernster Technologie und einem starken Netzwerk entwickeln wir Services, die Ihre Nutzer begeistern und Ihr Unternehmen voranbringen. Als Schweizer Software- und Beratungsunternehmen stehen wir f\u00fcr Qualit\u00e4t, Innovationskraft und partnerschaftliche Zusammenarbeit \u2013 mit Herz und Verstand.","email":"hello@panter.ch","telephone":"+41 44 500 29 04","legalName":"Panter AG","foundingDate":"2005-01-01","vatID":"CHE-262.202.358","numberOfEmployees":{"@type":"QuantitativeValue","minValue":"11","maxValue":"50"}},{"@type":"Person","@id":"https:\/\/www.panter.ch\/en\/#\/schema\/person\/17955a8092d4a5671347f2f158635479","name":"Roberto","image":{"@type":"ImageObject","inLanguage":"en-US","@id":"https:\/\/secure.gravatar.com\/avatar\/63049a62ffa6445b337ce3fa0e7ad5dbf289f7541d5f9e0f10d871cc3b4241a8?s=96&d=mm&r=g","url":"https:\/\/secure.gravatar.com\/avatar\/63049a62ffa6445b337ce3fa0e7ad5dbf289f7541d5f9e0f10d871cc3b4241a8?s=96&d=mm&r=g","contentUrl":"https:\/\/secure.gravatar.com\/avatar\/63049a62ffa6445b337ce3fa0e7ad5dbf289f7541d5f9e0f10d871cc3b4241a8?s=96&d=mm&r=g","caption":"Roberto"}}]}},"_links":{"self":[{"href":"https:\/\/www.panter.ch\/en\/wp-json\/wp\/v2\/posts\/8554","targetHints":{"allow":["GET"]}}],"collection":[{"href":"https:\/\/www.panter.ch\/en\/wp-json\/wp\/v2\/posts"}],"about":[{"href":"https:\/\/www.panter.ch\/en\/wp-json\/wp\/v2\/types\/post"}],"author":[{"embeddable":true,"href":"https:\/\/www.panter.ch\/en\/wp-json\/wp\/v2\/users\/3"}],"replies":[{"embeddable":true,"href":"https:\/\/www.panter.ch\/en\/wp-json\/wp\/v2\/comments?post=8554"}],"version-history":[{"count":1,"href":"https:\/\/www.panter.ch\/en\/wp-json\/wp\/v2\/posts\/8554\/revisions"}],"predecessor-version":[{"id":12750,"href":"https:\/\/www.panter.ch\/en\/wp-json\/wp\/v2\/posts\/8554\/revisions\/12750"}],"wp:featuredmedia":[{"embeddable":true,"href":"https:\/\/www.panter.ch\/en\/wp-json\/wp\/v2\/media\/6211"}],"wp:attachment":[{"href":"https:\/\/www.panter.ch\/en\/wp-json\/wp\/v2\/media?parent=8554"}],"wp:term":[{"taxonomy":"category","embeddable":true,"href":"https:\/\/www.panter.ch\/en\/wp-json\/wp\/v2\/categories?post=8554"},{"taxonomy":"post_tag","embeddable":true,"href":"https:\/\/www.panter.ch\/en\/wp-json\/wp\/v2\/tags?post=8554"}],"curies":[{"name":"wp","href":"https:\/\/api.w.org\/{rel}","templated":true}]}}