{"id":8555,"date":"2023-10-18T13:13:42","date_gmt":"2023-10-18T11:13:42","guid":{"rendered":"https:\/\/www.panter.ch\/der-mutige-karrierewechsel\/"},"modified":"2023-10-18T13:13:42","modified_gmt":"2023-10-18T11:13:42","slug":"der-mutige-karrierewechsel","status":"publish","type":"post","link":"https:\/\/www.panter.ch\/en\/stories\/der-mutige-karrierewechsel\/","title":{"rendered":"Der mutige Karrierewechsel"},"content":{"rendered":"[vc_row type=&#8221;in_container&#8221; full_screen_row_position=&#8221;middle&#8221; column_margin=&#8221;default&#8221; column_direction=&#8221;default&#8221; column_direction_tablet=&#8221;default&#8221; column_direction_phone=&#8221;default&#8221; scene_position=&#8221;center&#8221; top_padding_phone=&#8221;12vw&#8221; text_color=&#8221;dark&#8221; text_align=&#8221;left&#8221; row_border_radius=&#8221;none&#8221; row_border_radius_applies=&#8221;bg&#8221; overflow=&#8221;visible&#8221; overlay_strength=&#8221;0.3&#8243; gradient_direction=&#8221;left_to_right&#8221; shape_divider_position=&#8221;bottom&#8221; bg_image_animation=&#8221;none&#8221; gradient_type=&#8221;default&#8221; shape_type=&#8221;&#8221;][vc_column column_padding=&#8221;no-extra-padding&#8221; column_padding_tablet=&#8221;inherit&#8221; column_padding_phone=&#8221;inherit&#8221; column_padding_position=&#8221;all&#8221; column_element_direction_desktop=&#8221;default&#8221; column_element_spacing=&#8221;10px&#8221; desktop_text_alignment=&#8221;default&#8221; tablet_text_alignment=&#8221;default&#8221; phone_text_alignment=&#8221;default&#8221; background_color_opacity=&#8221;1&#8243; background_hover_color_opacity=&#8221;1&#8243; column_backdrop_filter=&#8221;none&#8221; column_shadow=&#8221;none&#8221; column_border_radius=&#8221;none&#8221; column_link_target=&#8221;_self&#8221; column_position=&#8221;default&#8221; gradient_direction=&#8221;left_to_right&#8221; overlay_strength=&#8221;0.3&#8243; width=&#8221;1\/1&#8243; tablet_width_inherit=&#8221;default&#8221; animation_type=&#8221;default&#8221; bg_image_animation=&#8221;none&#8221; border_type=&#8221;simple&#8221; column_border_width=&#8221;none&#8221; column_border_style=&#8221;solid&#8221; column_padding_type=&#8221;default&#8221; gradient_type=&#8221;default&#8221;][vc_column_text]\n<p class=\"p1\">Vor nicht allzu langer Zeit habe ich einen Brief gefunden, den ich an mein 5\u00a0Jahre \u00e4lteres Ich geschrieben hatte. Eine Freundin erz\u00e4hlte mir, dass sie genau das an ihrem 18.\u00a0Geburtstag getan hatte, und als sie den Brief 5\u00a0Jahre sp\u00e4ter las, war sie sehr \u00fcberrascht, wie unterschiedlich damals ihre Vorstellung von ihrer Zukunft und ihren Entscheidungen ausfiel.<\/p>\n[\/vc_column_text][\/vc_column][\/vc_row][vc_row type=&#8221;in_container&#8221; full_screen_row_position=&#8221;middle&#8221; column_margin=&#8221;default&#8221; column_direction=&#8221;default&#8221; column_direction_tablet=&#8221;default&#8221; column_direction_phone=&#8221;default&#8221; scene_position=&#8221;center&#8221; text_color=&#8221;dark&#8221; text_align=&#8221;left&#8221; row_border_radius=&#8221;none&#8221; row_border_radius_applies=&#8221;bg&#8221; overflow=&#8221;visible&#8221; overlay_strength=&#8221;0.3&#8243; gradient_direction=&#8221;left_to_right&#8221; shape_divider_position=&#8221;bottom&#8221; bg_image_animation=&#8221;none&#8221;][vc_column column_padding=&#8221;no-extra-padding&#8221; column_padding_tablet=&#8221;inherit&#8221; column_padding_phone=&#8221;inherit&#8221; column_padding_position=&#8221;all&#8221; column_element_direction_desktop=&#8221;default&#8221; column_element_spacing=&#8221;default&#8221; desktop_text_alignment=&#8221;default&#8221; tablet_text_alignment=&#8221;default&#8221; phone_text_alignment=&#8221;default&#8221; background_color_opacity=&#8221;1&#8243; background_hover_color_opacity=&#8221;1&#8243; column_backdrop_filter=&#8221;none&#8221; column_shadow=&#8221;none&#8221; column_border_radius=&#8221;none&#8221; column_link_target=&#8221;_self&#8221; column_position=&#8221;default&#8221; gradient_direction=&#8221;left_to_right&#8221; overlay_strength=&#8221;0.3&#8243; width=&#8221;1\/1&#8243; tablet_width_inherit=&#8221;default&#8221; animation_type=&#8221;default&#8221; bg_image_animation=&#8221;none&#8221; border_type=&#8221;simple&#8221; column_border_width=&#8221;none&#8221; column_border_style=&#8221;solid&#8221;][vc_column_text]\n<h3>Von Anw\u00e4ltin zu Entwicklerin<\/h3>\n[\/vc_column_text][divider line_type=&#8221;Small Line&#8221; line_alignment=&#8221;default&#8221; line_thickness=&#8221;1&#8243; divider_color=&#8221;default&#8221;][nectar_highlighted_text color_type=&#8221;regular&#8221; style=&#8221;half_text&#8221;]Und nun versetzen Sie sich einmal in meine Lage, als ich einen Brief von mir\u00a0\u2013 einer <em>polnischen Anw\u00e4ltin<\/em>\u00a0\u2013 an mich\u00a0\u2013 eine <a href=\"https:\/\/www.panter.ch\/stories\/meet-aleksandra\/\">Full-Stack-Softwareentwicklerin bei Panter<\/a> \u2013 las. Auch wenn der Karrierewechsel auf den ersten Blick untypisch erscheinen mag, f\u00fchlt er sich f\u00fcr mich alles andere als untypisch an. Da ich sehr organisiert bin und logischem Denken einen grossen Stellenwert einr\u00e4ume, ging ich meiner T\u00e4tigkeit als Anw\u00e4ltin sehr gerne nach. Doch trotz alledem w\u00fcnschte sich immer ein Teil von mir, zum einen auf diesen Qualit\u00e4ten aufbauen zu k\u00f6nnen, und zum anderen mehr Kreativit\u00e4t und Freiheit in meine t\u00e4gliche Arbeit einzubringen. Irgendwann wurde mir noch dazu bewusst, wie stark Anwendungen heutzutage unseren Alltag beeinflussen. Daraufhin lag es f\u00fcr mich auf der Hand, ein Teil davon werden zu wollen und somit einen Teil des t\u00e4glichen Lebens anderer zu beeinflussen. Die Vorstellung, mein erworbenes Know-how und meine Kompetenzen dazu einzusetzen, das Leben eines anderen Menschen auch nur ein kleines St\u00fcck leichter zu machen, motiviert mich sehr.[\/nectar_highlighted_text][\/vc_column][\/vc_row][vc_row type=&#8221;in_container&#8221; full_screen_row_position=&#8221;middle&#8221; column_margin=&#8221;default&#8221; column_direction=&#8221;default&#8221; column_direction_tablet=&#8221;default&#8221; column_direction_phone=&#8221;default&#8221; scene_position=&#8221;center&#8221; text_color=&#8221;dark&#8221; text_align=&#8221;left&#8221; row_border_radius=&#8221;none&#8221; row_border_radius_applies=&#8221;bg&#8221; overflow=&#8221;visible&#8221; overlay_strength=&#8221;0.3&#8243; gradient_direction=&#8221;left_to_right&#8221; shape_divider_position=&#8221;bottom&#8221; bg_image_animation=&#8221;none&#8221;][vc_column column_padding=&#8221;no-extra-padding&#8221; column_padding_tablet=&#8221;inherit&#8221; column_padding_phone=&#8221;inherit&#8221; column_padding_position=&#8221;all&#8221; column_element_direction_desktop=&#8221;default&#8221; column_element_spacing=&#8221;default&#8221; desktop_text_alignment=&#8221;default&#8221; tablet_text_alignment=&#8221;default&#8221; phone_text_alignment=&#8221;default&#8221; background_color_opacity=&#8221;1&#8243; background_hover_color_opacity=&#8221;1&#8243; column_backdrop_filter=&#8221;none&#8221; column_shadow=&#8221;none&#8221; column_border_radius=&#8221;none&#8221; column_link_target=&#8221;_self&#8221; column_position=&#8221;default&#8221; gradient_direction=&#8221;left_to_right&#8221; overlay_strength=&#8221;0.3&#8243; width=&#8221;1\/1&#8243; tablet_width_inherit=&#8221;default&#8221; animation_type=&#8221;default&#8221; bg_image_animation=&#8221;none&#8221; border_type=&#8221;simple&#8221; column_border_width=&#8221;none&#8221; column_border_style=&#8221;solid&#8221;][vc_column_text]\n<h3>Die vers\u00e4umte Gelegenheit<\/h3>\n[\/vc_column_text][divider line_type=&#8221;Small Line&#8221; line_alignment=&#8221;default&#8221; line_thickness=&#8221;1&#8243; divider_color=&#8221;default&#8221;][nectar_highlighted_text color_type=&#8221;regular&#8221; style=&#8221;half_text&#8221;]Es ist schwer zu sagen, ob ich mich nicht bereits von Anfang an f\u00fcr meinen jetzigen Beruf entschieden h\u00e4tte, wenn ich die Chance dazu gehabt h\u00e4tte. Doch Fakt ist, dass ich es nicht getan habe. In meiner Kindheit durfte ich den Computer nie benutzen, da er als <em>reine Zeitverschwendung<\/em> galt. Als wir in der Schule die Grundlagen der Programmiersprache C++ behandelten, waren alle Jungs viel versierter, wodurch das Lerntempo angezogen wurde. Nachdem ich zwei Wochen nicht im Unterricht war, hatte ich keinen blassen Schimmer mehr, worum es ging. Heutzutage w\u00fcrde ich es einfach googeln und mich selbstst\u00e4ndig weiterbilden. Doch damals habe ich einfach aufgegeben. Der Lehrer schien so oder so kein Interesse daran zu haben, das Interesse einer Sch\u00fclerin im Bereich Programmieren zu f\u00f6rdern.[\/nectar_highlighted_text][\/vc_column][\/vc_row][vc_row type=&#8221;in_container&#8221; full_screen_row_position=&#8221;middle&#8221; column_margin=&#8221;default&#8221; column_direction=&#8221;default&#8221; column_direction_tablet=&#8221;default&#8221; column_direction_phone=&#8221;default&#8221; scene_position=&#8221;center&#8221; text_color=&#8221;dark&#8221; text_align=&#8221;left&#8221; row_border_radius=&#8221;none&#8221; row_border_radius_applies=&#8221;bg&#8221; overflow=&#8221;visible&#8221; overlay_strength=&#8221;0.3&#8243; gradient_direction=&#8221;left_to_right&#8221; shape_divider_position=&#8221;bottom&#8221; bg_image_animation=&#8221;none&#8221;][vc_column column_padding=&#8221;no-extra-padding&#8221; column_padding_tablet=&#8221;inherit&#8221; column_padding_phone=&#8221;inherit&#8221; column_padding_position=&#8221;all&#8221; column_element_direction_desktop=&#8221;default&#8221; column_element_spacing=&#8221;default&#8221; desktop_text_alignment=&#8221;default&#8221; tablet_text_alignment=&#8221;default&#8221; phone_text_alignment=&#8221;default&#8221; background_color_opacity=&#8221;1&#8243; background_hover_color_opacity=&#8221;1&#8243; column_backdrop_filter=&#8221;none&#8221; column_shadow=&#8221;none&#8221; column_border_radius=&#8221;none&#8221; column_link_target=&#8221;_self&#8221; column_position=&#8221;default&#8221; gradient_direction=&#8221;left_to_right&#8221; overlay_strength=&#8221;0.3&#8243; width=&#8221;1\/1&#8243; tablet_width_inherit=&#8221;default&#8221; animation_type=&#8221;default&#8221; bg_image_animation=&#8221;none&#8221; border_type=&#8221;simple&#8221; column_border_width=&#8221;none&#8221; column_border_style=&#8221;solid&#8221;][vc_column_text]\n<h3>Der Beginn des Karrierewechsels<\/h3>\n[\/vc_column_text][divider line_type=&#8221;Small Line&#8221; line_alignment=&#8221;default&#8221; line_thickness=&#8221;1&#8243; divider_color=&#8221;default&#8221;][nectar_highlighted_text color_type=&#8221;regular&#8221; style=&#8221;half_text&#8221;]Ein Jahrzehnt sp\u00e4ter war ich bereit, ein Risiko einzugehen, eine andere Richtung in meiner Karriere einzuschlagen und mir den Traum zu erf\u00fcllen, Teil der Welt der Software*entwicklerinnen zu werden, die das Leben so vieler Menschen t\u00e4glich beeinflussen. Auch wenn mir die Entscheidung sehr schwerfiel und ich viel Zeit daf\u00fcr aufwendete, war dies der einfachste Schritt meines gesamten Karrierewechsels. Am ersten Tag des Coding-Bootcamps brach ich in Tr\u00e4nen aus und <em>wollte aufgeben<\/em>. Nat\u00fcrlich war es letztendlich nicht so schlimm, aber es war etwas Neues und sehr be\u00e4ngstigend. Die gr\u00f6sste Herausforderung bestand f\u00fcr mich darin, mein Mindset und meine Wahrnehmung von Problemen zu \u00e4ndern.[\/nectar_highlighted_text][\/vc_column][\/vc_row][vc_row type=&#8221;in_container&#8221; full_screen_row_position=&#8221;middle&#8221; column_margin=&#8221;default&#8221; column_direction=&#8221;default&#8221; column_direction_tablet=&#8221;default&#8221; column_direction_phone=&#8221;default&#8221; scene_position=&#8221;center&#8221; text_color=&#8221;dark&#8221; text_align=&#8221;left&#8221; row_border_radius=&#8221;none&#8221; row_border_radius_applies=&#8221;bg&#8221; overflow=&#8221;visible&#8221; overlay_strength=&#8221;0.3&#8243; gradient_direction=&#8221;left_to_right&#8221; shape_divider_position=&#8221;bottom&#8221; bg_image_animation=&#8221;none&#8221;][vc_column column_padding=&#8221;no-extra-padding&#8221; column_padding_tablet=&#8221;inherit&#8221; column_padding_phone=&#8221;inherit&#8221; column_padding_position=&#8221;all&#8221; column_element_direction_desktop=&#8221;default&#8221; column_element_spacing=&#8221;default&#8221; desktop_text_alignment=&#8221;default&#8221; tablet_text_alignment=&#8221;default&#8221; phone_text_alignment=&#8221;default&#8221; background_color_opacity=&#8221;1&#8243; background_hover_color_opacity=&#8221;1&#8243; column_backdrop_filter=&#8221;none&#8221; column_shadow=&#8221;none&#8221; column_border_radius=&#8221;none&#8221; column_link_target=&#8221;_self&#8221; column_position=&#8221;default&#8221; gradient_direction=&#8221;left_to_right&#8221; overlay_strength=&#8221;0.3&#8243; width=&#8221;1\/1&#8243; tablet_width_inherit=&#8221;default&#8221; animation_type=&#8221;default&#8221; bg_image_animation=&#8221;none&#8221; border_type=&#8221;simple&#8221; column_border_width=&#8221;none&#8221; column_border_style=&#8221;solid&#8221;][vc_column_text]\n<h3>Die Herausforderungen des Coding-Bootcamps<\/h3>\n[\/vc_column_text][divider line_type=&#8221;Small Line&#8221; line_alignment=&#8221;default&#8221; line_thickness=&#8221;1&#8243; divider_color=&#8221;default&#8221;][nectar_highlighted_text color_type=&#8221;regular&#8221; style=&#8221;half_text&#8221;]Das gesamte Bootcamp war eine \u00e4usserst intensive Zeit, an die ich mich kaum erinnern kann, da es durchaus herausfordernd ist, sich eine so grosse Menge an Wissen anzueignen. Nach dem Bootcamp war ich <em>stolz<\/em> auf das, was ich gelernt und erreicht hatte. Gleichzeitig wurde mir klar, wie viel ich noch lernen musste, um als Expertin zu gelten. Ich habe monatelang unerm\u00fcdlich gearbeitet und mich selbst weitergebildet. Obwohl ich viel gelernt hatte, wurde mir klar, dass man sich ohne die Unterst\u00fctzung und Aufsicht erfahrener Entwicklerinnen und Entwickler nur ein begrenztes Wissen aneignen kann. Dies f\u00fchrte dazu, dass ich mich nach einem Praktikumsplatz umschaute.[\/nectar_highlighted_text][\/vc_column][\/vc_row][vc_row type=&#8221;in_container&#8221; full_screen_row_position=&#8221;middle&#8221; column_margin=&#8221;default&#8221; column_direction=&#8221;default&#8221; column_direction_tablet=&#8221;default&#8221; column_direction_phone=&#8221;default&#8221; scene_position=&#8221;center&#8221; text_color=&#8221;dark&#8221; text_align=&#8221;left&#8221; row_border_radius=&#8221;none&#8221; row_border_radius_applies=&#8221;bg&#8221; overflow=&#8221;visible&#8221; overlay_strength=&#8221;0.3&#8243; gradient_direction=&#8221;left_to_right&#8221; shape_divider_position=&#8221;bottom&#8221; bg_image_animation=&#8221;none&#8221;][vc_column column_padding=&#8221;no-extra-padding&#8221; column_padding_tablet=&#8221;inherit&#8221; column_padding_phone=&#8221;inherit&#8221; column_padding_position=&#8221;all&#8221; column_element_direction_desktop=&#8221;default&#8221; column_element_spacing=&#8221;default&#8221; desktop_text_alignment=&#8221;default&#8221; tablet_text_alignment=&#8221;default&#8221; phone_text_alignment=&#8221;default&#8221; background_color_opacity=&#8221;1&#8243; background_hover_color_opacity=&#8221;1&#8243; column_backdrop_filter=&#8221;none&#8221; column_shadow=&#8221;none&#8221; column_border_radius=&#8221;none&#8221; column_link_target=&#8221;_self&#8221; column_position=&#8221;default&#8221; gradient_direction=&#8221;left_to_right&#8221; overlay_strength=&#8221;0.3&#8243; width=&#8221;1\/1&#8243; tablet_width_inherit=&#8221;default&#8221; animation_type=&#8221;default&#8221; bg_image_animation=&#8221;none&#8221; border_type=&#8221;simple&#8221; column_border_width=&#8221;none&#8221; column_border_style=&#8221;solid&#8221;][vc_column_text]\n<h3>Die Suche nach Unterst\u00fctzung<\/h3>\n[\/vc_column_text][divider line_type=&#8221;Small Line&#8221; line_alignment=&#8221;default&#8221; line_thickness=&#8221;1&#8243; divider_color=&#8221;default&#8221;][nectar_highlighted_text color_type=&#8221;regular&#8221; style=&#8221;half_text&#8221;]Nach monatelanger Suche nach einem Unternehmen, das an mich glaubte und mir eine Chance gab, traf ich jemanden, der mich unterst\u00fctzen wollte und den Kontakt zu <em>Panter<\/em> herstellte. Das Team bei Panter erkannte mein Potenzial und bot mir ein Schulungsprogramm an: ein sechsmonatiges Praktikum, das mich darauf vorbereiten sollte, eine Junior Full-Stack-Softwareentwicklerin zu werden. R\u00fcckblickend muss ich zugeben, dass ich sehr viel Gl\u00fcck hatte, einem Projekt, einem Mentor und anderen Entwicklerinnen und Entwicklern zugeteilt worden zu sein, die mir eine Chance gaben, mich w\u00e4hrend des gesamten Praktikums unterst\u00fctzten, mich <em>nie verurteilten<\/em> oder \u00fcber meine Fehler lachten. In einer solchen Umgebung f\u00e4llt das Lernen leicht und macht sogar Spass.[\/nectar_highlighted_text][\/vc_column][\/vc_row][vc_row type=&#8221;in_container&#8221; full_screen_row_position=&#8221;middle&#8221; column_margin=&#8221;default&#8221; column_direction=&#8221;default&#8221; column_direction_tablet=&#8221;default&#8221; column_direction_phone=&#8221;default&#8221; scene_position=&#8221;center&#8221; text_color=&#8221;dark&#8221; text_align=&#8221;left&#8221; row_border_radius=&#8221;none&#8221; row_border_radius_applies=&#8221;bg&#8221; overflow=&#8221;visible&#8221; overlay_strength=&#8221;0.3&#8243; gradient_direction=&#8221;left_to_right&#8221; shape_divider_position=&#8221;bottom&#8221; bg_image_animation=&#8221;none&#8221;][vc_column column_padding=&#8221;no-extra-padding&#8221; column_padding_tablet=&#8221;inherit&#8221; column_padding_phone=&#8221;inherit&#8221; column_padding_position=&#8221;all&#8221; column_element_direction_desktop=&#8221;default&#8221; column_element_spacing=&#8221;default&#8221; desktop_text_alignment=&#8221;default&#8221; tablet_text_alignment=&#8221;default&#8221; phone_text_alignment=&#8221;default&#8221; background_color_opacity=&#8221;1&#8243; background_hover_color_opacity=&#8221;1&#8243; column_backdrop_filter=&#8221;none&#8221; column_shadow=&#8221;none&#8221; column_border_radius=&#8221;none&#8221; column_link_target=&#8221;_self&#8221; column_position=&#8221;default&#8221; gradient_direction=&#8221;left_to_right&#8221; overlay_strength=&#8221;0.3&#8243; width=&#8221;1\/1&#8243; tablet_width_inherit=&#8221;default&#8221; animation_type=&#8221;default&#8221; bg_image_animation=&#8221;none&#8221; border_type=&#8221;simple&#8221; column_border_width=&#8221;none&#8221; column_border_style=&#8221;solid&#8221;][vc_column_text]\n<h3>Die Welt bei Panter<\/h3>\n[\/vc_column_text][divider line_type=&#8221;Small Line&#8221; line_alignment=&#8221;default&#8221; line_thickness=&#8221;1&#8243; divider_color=&#8221;default&#8221;][nectar_highlighted_text color_type=&#8221;regular&#8221; style=&#8221;half_text&#8221;]Bei Panter sind wir in Gruppen eingeteilt, und jede Gruppe arbeitet mit unterschiedlichen Projekten und Vorgaben. Auf den ersten Blick k\u00f6nnte man davon ausgehen, dass wir in gewisser Weise nur mit unseren eigenen Gruppenkolleginnen und -kollegen zusammenarbeiten \u2013 das war zumindest mein erster Gedanke. In Wirklichkeit ist Panter ein Unternehmen voller intelligenter und offener Menschen, die sich gerne <em>gegenseitig unterst\u00fctzen<\/em> und ihr Wissen weitergeben, wenn jemand danach fragt. F\u00fcr jemanden wie mich, die gerade erst am Anfang stand und unz\u00e4hlige Fragen hatte, war es ein tolles Gef\u00fchl, so viel Unterst\u00fctzung und Hilfe zu erhalten. Um ganz ehrlich zu sein, gab mir die Unterst\u00fctzung der einzigen Entwicklerin im Unternehmen am meisten Sicherheit und Hoffnung. Denn sie war zuf\u00e4llig auch eine Quereinsteigerin und hatte das Schulungsprogramm von Panter bereits erfolgreich absolviert. Meiner Meinung nach ist es sehr wichtig, sich mindestens an eine Person wenden zu k\u00f6nnen, die wirklich versteht, was man durchmacht, und die in schwierigen Momenten immer wieder bekr\u00e4ftigt: \u00abMach dir keine Sorgen, ich bin f\u00fcr dich da.\u00bb Ich hoffe, dass auch ich diese Person f\u00fcr eine andere Entwicklerin oder einen anderen Entwickler werden kann.[\/nectar_highlighted_text][\/vc_column][\/vc_row][vc_row type=&#8221;in_container&#8221; full_screen_row_position=&#8221;middle&#8221; column_margin=&#8221;default&#8221; column_direction=&#8221;default&#8221; column_direction_tablet=&#8221;default&#8221; column_direction_phone=&#8221;default&#8221; scene_position=&#8221;center&#8221; text_color=&#8221;dark&#8221; text_align=&#8221;left&#8221; row_border_radius=&#8221;none&#8221; row_border_radius_applies=&#8221;bg&#8221; overflow=&#8221;visible&#8221; overlay_strength=&#8221;0.3&#8243; gradient_direction=&#8221;left_to_right&#8221; shape_divider_position=&#8221;bottom&#8221; bg_image_animation=&#8221;none&#8221;][vc_column column_padding=&#8221;no-extra-padding&#8221; column_padding_tablet=&#8221;inherit&#8221; column_padding_phone=&#8221;inherit&#8221; column_padding_position=&#8221;all&#8221; column_element_direction_desktop=&#8221;default&#8221; column_element_spacing=&#8221;default&#8221; desktop_text_alignment=&#8221;default&#8221; tablet_text_alignment=&#8221;default&#8221; phone_text_alignment=&#8221;default&#8221; background_color_opacity=&#8221;1&#8243; background_hover_color_opacity=&#8221;1&#8243; column_backdrop_filter=&#8221;none&#8221; column_shadow=&#8221;none&#8221; column_border_radius=&#8221;none&#8221; column_link_target=&#8221;_self&#8221; column_position=&#8221;default&#8221; gradient_direction=&#8221;left_to_right&#8221; overlay_strength=&#8221;0.3&#8243; width=&#8221;1\/1&#8243; tablet_width_inherit=&#8221;default&#8221; animation_type=&#8221;default&#8221; bg_image_animation=&#8221;none&#8221; border_type=&#8221;simple&#8221; column_border_width=&#8221;none&#8221; column_border_style=&#8221;solid&#8221;][vc_column_text]\n<h3>Die Freude am Lernen und die Aussicht auf neue Herausforderungen<\/h3>\n[\/vc_column_text][divider line_type=&#8221;Small Line&#8221; line_alignment=&#8221;default&#8221; line_thickness=&#8221;1&#8243; divider_color=&#8221;default&#8221;][nectar_highlighted_text color_type=&#8221;regular&#8221; style=&#8221;half_text&#8221;]Da ich mittlerweile als Junior Full-Stack-Entwicklerin arbeite, habe ich mich vor Kurzem f\u00fcr ein weiteres <em>Schulungsprogramm<\/em> bei Panter eingeschrieben, damit ich auf meinem <em>Karriereweg<\/em> den n\u00e4chsten Schritt gehen kann. Ich freue mich sehr darauf, auch wenn eine weitere Herausforderung auf mich wartet. Denn wie bereits gesagt: Der Schl\u00fcssel zur Entwicklung liegt darin, auf hilfsbereite und kompetente Menschen z\u00e4hlen zu k\u00f6nnen, die gerne ihr Wissen weitergeben. Und ich habe das Gl\u00fcck, dass ich all diese Menschen auf meinem Weg bereits gefunden habe.[\/nectar_highlighted_text][\/vc_column][\/vc_row]\n","protected":false},"excerpt":{"rendered":"<p>Erfahre, wie Aleksandra als Anw\u00e4ltin zu einer Softwareentwicklerin bei Panter wurde &#8211; eine ungew\u00f6hnliche, aber erf\u00fcllende Karrierereise.<\/p>\n","protected":false},"author":3,"featured_media":6193,"comment_status":"closed","ping_status":"open","sticky":false,"template":"","format":"standard","meta":{"om_disable_all_campaigns":false,"inline_featured_image":false,"footnotes":""},"categories":[7],"tags":[178,179,180],"class_list":{"0":"post-8555","1":"post","2":"type-post","3":"status-publish","4":"format-standard","5":"has-post-thumbnail","7":"category-blog","8":"tag-career-en","9":"tag-employer-en","10":"tag-jobwechsel-en"},"yoast_head":"<!-- This site is optimized with the Yoast SEO Premium plugin v27.4 (Yoast SEO v27.4) - https:\/\/yoast.com\/product\/yoast-seo-premium-wordpress\/ -->\n<title>Der mutige Karrierewechsel | Panter AG<\/title>\n<meta name=\"description\" content=\"Die inspirierende Geschichte, wie Aleksandra die Herausforderungen eines Karrierewechsels zur Softwareentwicklerin meisterte.\" \/>\n<meta name=\"robots\" content=\"index, follow, max-snippet:-1, max-image-preview:large, max-video-preview:-1\" \/>\n<link rel=\"canonical\" href=\"https:\/\/www.panter.ch\/en\/stories\/der-mutige-karrierewechsel\/\" \/>\n<meta property=\"og:locale\" content=\"en_US\" \/>\n<meta property=\"og:type\" content=\"article\" \/>\n<meta property=\"og:title\" content=\"Der mutige Karrierewechsel\" \/>\n<meta property=\"og:description\" content=\"Die inspirierende Geschichte, wie Aleksandra die Herausforderungen eines Karrierewechsels zur Softwareentwicklerin meisterte.\" \/>\n<meta property=\"og:url\" content=\"https:\/\/www.panter.ch\/en\/stories\/der-mutige-karrierewechsel\/\" \/>\n<meta property=\"og:site_name\" content=\"Panter AG\" \/>\n<meta property=\"article:publisher\" content=\"https:\/\/www.facebook.com\/panterch\" \/>\n<meta property=\"article:published_time\" content=\"2023-10-18T11:13:42+00:00\" \/>\n<meta property=\"og:image\" content=\"https:\/\/www.panter.ch\/wp-content\/uploads\/\/TOM5818-Cropped-jpg.webp\" \/>\n\t<meta property=\"og:image:width\" content=\"1333\" \/>\n\t<meta property=\"og:image:height\" content=\"833\" \/>\n\t<meta property=\"og:image:type\" content=\"image\/jpeg\" \/>\n<meta name=\"author\" content=\"Roberto\" \/>\n<meta name=\"twitter:card\" content=\"summary_large_image\" \/>\n<meta name=\"twitter:creator\" content=\"@panterch\" \/>\n<meta name=\"twitter:site\" content=\"@panterch\" \/>\n<meta name=\"twitter:label1\" content=\"Written by\" \/>\n\t<meta name=\"twitter:data1\" content=\"Roberto\" \/>\n\t<meta name=\"twitter:label2\" content=\"Est. reading time\" \/>\n\t<meta name=\"twitter:data2\" content=\"8 minutes\" \/>\n<script type=\"application\/ld+json\" class=\"yoast-schema-graph\">{\"@context\":\"https:\\\/\\\/schema.org\",\"@graph\":[{\"@type\":\"Article\",\"@id\":\"https:\\\/\\\/www.panter.ch\\\/en\\\/stories\\\/der-mutige-karrierewechsel\\\/#article\",\"isPartOf\":{\"@id\":\"https:\\\/\\\/www.panter.ch\\\/en\\\/stories\\\/der-mutige-karrierewechsel\\\/\"},\"author\":{\"name\":\"Roberto\",\"@id\":\"https:\\\/\\\/www.panter.ch\\\/en\\\/#\\\/schema\\\/person\\\/17955a8092d4a5671347f2f158635479\"},\"headline\":\"Der mutige Karrierewechsel\",\"datePublished\":\"2023-10-18T11:13:42+00:00\",\"mainEntityOfPage\":{\"@id\":\"https:\\\/\\\/www.panter.ch\\\/en\\\/stories\\\/der-mutige-karrierewechsel\\\/\"},\"wordCount\":2502,\"publisher\":{\"@id\":\"https:\\\/\\\/www.panter.ch\\\/en\\\/#organization\"},\"image\":{\"@id\":\"https:\\\/\\\/www.panter.ch\\\/en\\\/stories\\\/der-mutige-karrierewechsel\\\/#primaryimage\"},\"thumbnailUrl\":\"https:\\\/\\\/www.panter.ch\\\/wp-content\\\/uploads\\\/\\\/TOM5818-Cropped-jpg.webp\",\"keywords\":[\"Career\",\"Employer\",\"Jobwechsel\"],\"articleSection\":[\"Blog\"],\"inLanguage\":\"en-US\"},{\"@type\":\"WebPage\",\"@id\":\"https:\\\/\\\/www.panter.ch\\\/en\\\/stories\\\/der-mutige-karrierewechsel\\\/\",\"url\":\"https:\\\/\\\/www.panter.ch\\\/en\\\/stories\\\/der-mutige-karrierewechsel\\\/\",\"name\":\"Der mutige Karrierewechsel | Panter AG\",\"isPartOf\":{\"@id\":\"https:\\\/\\\/www.panter.ch\\\/en\\\/#website\"},\"primaryImageOfPage\":{\"@id\":\"https:\\\/\\\/www.panter.ch\\\/en\\\/stories\\\/der-mutige-karrierewechsel\\\/#primaryimage\"},\"image\":{\"@id\":\"https:\\\/\\\/www.panter.ch\\\/en\\\/stories\\\/der-mutige-karrierewechsel\\\/#primaryimage\"},\"thumbnailUrl\":\"https:\\\/\\\/www.panter.ch\\\/wp-content\\\/uploads\\\/\\\/TOM5818-Cropped-jpg.webp\",\"datePublished\":\"2023-10-18T11:13:42+00:00\",\"description\":\"Die inspirierende Geschichte, wie Aleksandra die Herausforderungen eines Karrierewechsels zur Softwareentwicklerin meisterte.\",\"breadcrumb\":{\"@id\":\"https:\\\/\\\/www.panter.ch\\\/en\\\/stories\\\/der-mutige-karrierewechsel\\\/#breadcrumb\"},\"inLanguage\":\"en-US\",\"potentialAction\":[{\"@type\":\"ReadAction\",\"target\":[\"https:\\\/\\\/www.panter.ch\\\/en\\\/stories\\\/der-mutige-karrierewechsel\\\/\"]}]},{\"@type\":\"ImageObject\",\"inLanguage\":\"en-US\",\"@id\":\"https:\\\/\\\/www.panter.ch\\\/en\\\/stories\\\/der-mutige-karrierewechsel\\\/#primaryimage\",\"url\":\"https:\\\/\\\/www.panter.ch\\\/wp-content\\\/uploads\\\/\\\/TOM5818-Cropped-jpg.webp\",\"contentUrl\":\"https:\\\/\\\/www.panter.ch\\\/wp-content\\\/uploads\\\/\\\/TOM5818-Cropped-jpg.webp\",\"width\":1333,\"height\":833,\"caption\":\"A woman with glasses and headphones around her neck, wearing a floral top, looks to the side. In the background, a large world map with soft, warm lighting hints at her upcoming karrierewechsel journey.\"},{\"@type\":\"BreadcrumbList\",\"@id\":\"https:\\\/\\\/www.panter.ch\\\/en\\\/stories\\\/der-mutige-karrierewechsel\\\/#breadcrumb\",\"itemListElement\":[{\"@type\":\"ListItem\",\"position\":1,\"name\":\"Home\",\"item\":\"https:\\\/\\\/www.panter.ch\\\/en\\\/salient-architect-landing\\\/\"},{\"@type\":\"ListItem\",\"position\":2,\"name\":\"Der mutige Karrierewechsel\"}]},{\"@type\":\"WebSite\",\"@id\":\"https:\\\/\\\/www.panter.ch\\\/en\\\/#website\",\"url\":\"https:\\\/\\\/www.panter.ch\\\/en\\\/\",\"name\":\"Panter AG\",\"description\":\"Smarter, better, human.\",\"publisher\":{\"@id\":\"https:\\\/\\\/www.panter.ch\\\/en\\\/#organization\"},\"potentialAction\":[{\"@type\":\"SearchAction\",\"target\":{\"@type\":\"EntryPoint\",\"urlTemplate\":\"https:\\\/\\\/www.panter.ch\\\/en\\\/?s={search_term_string}\"},\"query-input\":{\"@type\":\"PropertyValueSpecification\",\"valueRequired\":true,\"valueName\":\"search_term_string\"}}],\"inLanguage\":\"en-US\"},{\"@type\":\"Organization\",\"@id\":\"https:\\\/\\\/www.panter.ch\\\/en\\\/#organization\",\"name\":\"Panter AG\",\"alternateName\":\"Panter\",\"url\":\"https:\\\/\\\/www.panter.ch\\\/en\\\/\",\"logo\":{\"@type\":\"ImageObject\",\"inLanguage\":\"en-US\",\"@id\":\"https:\\\/\\\/www.panter.ch\\\/en\\\/#\\\/schema\\\/logo\\\/image\\\/\",\"url\":\"https:\\\/\\\/www.panter.ch\\\/wp-content\\\/uploads\\\/Panter_Favicon_696x696.jpg\",\"contentUrl\":\"https:\\\/\\\/www.panter.ch\\\/wp-content\\\/uploads\\\/Panter_Favicon_696x696.jpg\",\"width\":696,\"height\":696,\"caption\":\"Panter AG\"},\"image\":{\"@id\":\"https:\\\/\\\/www.panter.ch\\\/en\\\/#\\\/schema\\\/logo\\\/image\\\/\"},\"sameAs\":[\"https:\\\/\\\/www.facebook.com\\\/panterch\",\"https:\\\/\\\/x.com\\\/panterch\",\"https:\\\/\\\/ch.linkedin.com\\\/company\\\/panter-ch\",\"https:\\\/\\\/www.instagram.com\\\/panter.ch\\\/\",\"https:\\\/\\\/github.com\\\/panter\"],\"description\":\"Wir von Panter sind Macher und Techies mit interdisziplin\u00e4rem Know-how \u2013 von Softwareentwicklung \u00fcber Design bis zu AI-Expertise. Mit innovativen, nutzerzentrierten L\u00f6sungen, modernster Technologie und einem starken Netzwerk entwickeln wir Services, die Ihre Nutzer begeistern und Ihr Unternehmen voranbringen. Als Schweizer Software- und Beratungsunternehmen stehen wir f\u00fcr Qualit\u00e4t, Innovationskraft und partnerschaftliche Zusammenarbeit \u2013 mit Herz und Verstand.\",\"email\":\"hello@panter.ch\",\"telephone\":\"+41 44 500 29 04\",\"legalName\":\"Panter AG\",\"foundingDate\":\"2005-01-01\",\"vatID\":\"CHE-262.202.358\",\"numberOfEmployees\":{\"@type\":\"QuantitativeValue\",\"minValue\":\"11\",\"maxValue\":\"50\"}},{\"@type\":\"Person\",\"@id\":\"https:\\\/\\\/www.panter.ch\\\/en\\\/#\\\/schema\\\/person\\\/17955a8092d4a5671347f2f158635479\",\"name\":\"Roberto\",\"image\":{\"@type\":\"ImageObject\",\"inLanguage\":\"en-US\",\"@id\":\"https:\\\/\\\/secure.gravatar.com\\\/avatar\\\/63049a62ffa6445b337ce3fa0e7ad5dbf289f7541d5f9e0f10d871cc3b4241a8?s=96&d=mm&r=g\",\"url\":\"https:\\\/\\\/secure.gravatar.com\\\/avatar\\\/63049a62ffa6445b337ce3fa0e7ad5dbf289f7541d5f9e0f10d871cc3b4241a8?s=96&d=mm&r=g\",\"contentUrl\":\"https:\\\/\\\/secure.gravatar.com\\\/avatar\\\/63049a62ffa6445b337ce3fa0e7ad5dbf289f7541d5f9e0f10d871cc3b4241a8?s=96&d=mm&r=g\",\"caption\":\"Roberto\"}}]}<\/script>\n<!-- \/ Yoast SEO Premium plugin. -->","yoast_head_json":{"title":"Der mutige Karrierewechsel | Panter AG","description":"Die inspirierende Geschichte, wie Aleksandra die Herausforderungen eines Karrierewechsels zur Softwareentwicklerin meisterte.","robots":{"index":"index","follow":"follow","max-snippet":"max-snippet:-1","max-image-preview":"max-image-preview:large","max-video-preview":"max-video-preview:-1"},"canonical":"https:\/\/www.panter.ch\/en\/stories\/der-mutige-karrierewechsel\/","og_locale":"en_US","og_type":"article","og_title":"Der mutige Karrierewechsel","og_description":"Die inspirierende Geschichte, wie Aleksandra die Herausforderungen eines Karrierewechsels zur Softwareentwicklerin meisterte.","og_url":"https:\/\/www.panter.ch\/en\/stories\/der-mutige-karrierewechsel\/","og_site_name":"Panter AG","article_publisher":"https:\/\/www.facebook.com\/panterch","article_published_time":"2023-10-18T11:13:42+00:00","og_image":[{"width":1333,"height":833,"url":"https:\/\/www.panter.ch\/wp-content\/uploads\/\/TOM5818-Cropped-jpg.webp","type":"image\/jpeg"}],"author":"Roberto","twitter_card":"summary_large_image","twitter_creator":"@panterch","twitter_site":"@panterch","twitter_misc":{"Written by":"Roberto","Est. reading time":"8 minutes"},"schema":{"@context":"https:\/\/schema.org","@graph":[{"@type":"Article","@id":"https:\/\/www.panter.ch\/en\/stories\/der-mutige-karrierewechsel\/#article","isPartOf":{"@id":"https:\/\/www.panter.ch\/en\/stories\/der-mutige-karrierewechsel\/"},"author":{"name":"Roberto","@id":"https:\/\/www.panter.ch\/en\/#\/schema\/person\/17955a8092d4a5671347f2f158635479"},"headline":"Der mutige Karrierewechsel","datePublished":"2023-10-18T11:13:42+00:00","mainEntityOfPage":{"@id":"https:\/\/www.panter.ch\/en\/stories\/der-mutige-karrierewechsel\/"},"wordCount":2502,"publisher":{"@id":"https:\/\/www.panter.ch\/en\/#organization"},"image":{"@id":"https:\/\/www.panter.ch\/en\/stories\/der-mutige-karrierewechsel\/#primaryimage"},"thumbnailUrl":"https:\/\/www.panter.ch\/wp-content\/uploads\/\/TOM5818-Cropped-jpg.webp","keywords":["Career","Employer","Jobwechsel"],"articleSection":["Blog"],"inLanguage":"en-US"},{"@type":"WebPage","@id":"https:\/\/www.panter.ch\/en\/stories\/der-mutige-karrierewechsel\/","url":"https:\/\/www.panter.ch\/en\/stories\/der-mutige-karrierewechsel\/","name":"Der mutige Karrierewechsel | Panter AG","isPartOf":{"@id":"https:\/\/www.panter.ch\/en\/#website"},"primaryImageOfPage":{"@id":"https:\/\/www.panter.ch\/en\/stories\/der-mutige-karrierewechsel\/#primaryimage"},"image":{"@id":"https:\/\/www.panter.ch\/en\/stories\/der-mutige-karrierewechsel\/#primaryimage"},"thumbnailUrl":"https:\/\/www.panter.ch\/wp-content\/uploads\/\/TOM5818-Cropped-jpg.webp","datePublished":"2023-10-18T11:13:42+00:00","description":"Die inspirierende Geschichte, wie Aleksandra die Herausforderungen eines Karrierewechsels zur Softwareentwicklerin meisterte.","breadcrumb":{"@id":"https:\/\/www.panter.ch\/en\/stories\/der-mutige-karrierewechsel\/#breadcrumb"},"inLanguage":"en-US","potentialAction":[{"@type":"ReadAction","target":["https:\/\/www.panter.ch\/en\/stories\/der-mutige-karrierewechsel\/"]}]},{"@type":"ImageObject","inLanguage":"en-US","@id":"https:\/\/www.panter.ch\/en\/stories\/der-mutige-karrierewechsel\/#primaryimage","url":"https:\/\/www.panter.ch\/wp-content\/uploads\/\/TOM5818-Cropped-jpg.webp","contentUrl":"https:\/\/www.panter.ch\/wp-content\/uploads\/\/TOM5818-Cropped-jpg.webp","width":1333,"height":833,"caption":"A woman with glasses and headphones around her neck, wearing a floral top, looks to the side. In the background, a large world map with soft, warm lighting hints at her upcoming karrierewechsel journey."},{"@type":"BreadcrumbList","@id":"https:\/\/www.panter.ch\/en\/stories\/der-mutige-karrierewechsel\/#breadcrumb","itemListElement":[{"@type":"ListItem","position":1,"name":"Home","item":"https:\/\/www.panter.ch\/en\/salient-architect-landing\/"},{"@type":"ListItem","position":2,"name":"Der mutige Karrierewechsel"}]},{"@type":"WebSite","@id":"https:\/\/www.panter.ch\/en\/#website","url":"https:\/\/www.panter.ch\/en\/","name":"Panter AG","description":"Smarter, better, human.","publisher":{"@id":"https:\/\/www.panter.ch\/en\/#organization"},"potentialAction":[{"@type":"SearchAction","target":{"@type":"EntryPoint","urlTemplate":"https:\/\/www.panter.ch\/en\/?s={search_term_string}"},"query-input":{"@type":"PropertyValueSpecification","valueRequired":true,"valueName":"search_term_string"}}],"inLanguage":"en-US"},{"@type":"Organization","@id":"https:\/\/www.panter.ch\/en\/#organization","name":"Panter AG","alternateName":"Panter","url":"https:\/\/www.panter.ch\/en\/","logo":{"@type":"ImageObject","inLanguage":"en-US","@id":"https:\/\/www.panter.ch\/en\/#\/schema\/logo\/image\/","url":"https:\/\/www.panter.ch\/wp-content\/uploads\/Panter_Favicon_696x696.jpg","contentUrl":"https:\/\/www.panter.ch\/wp-content\/uploads\/Panter_Favicon_696x696.jpg","width":696,"height":696,"caption":"Panter AG"},"image":{"@id":"https:\/\/www.panter.ch\/en\/#\/schema\/logo\/image\/"},"sameAs":["https:\/\/www.facebook.com\/panterch","https:\/\/x.com\/panterch","https:\/\/ch.linkedin.com\/company\/panter-ch","https:\/\/www.instagram.com\/panter.ch\/","https:\/\/github.com\/panter"],"description":"Wir von Panter sind Macher und Techies mit interdisziplin\u00e4rem Know-how \u2013 von Softwareentwicklung \u00fcber Design bis zu AI-Expertise. Mit innovativen, nutzerzentrierten L\u00f6sungen, modernster Technologie und einem starken Netzwerk entwickeln wir Services, die Ihre Nutzer begeistern und Ihr Unternehmen voranbringen. Als Schweizer Software- und Beratungsunternehmen stehen wir f\u00fcr Qualit\u00e4t, Innovationskraft und partnerschaftliche Zusammenarbeit \u2013 mit Herz und Verstand.","email":"hello@panter.ch","telephone":"+41 44 500 29 04","legalName":"Panter AG","foundingDate":"2005-01-01","vatID":"CHE-262.202.358","numberOfEmployees":{"@type":"QuantitativeValue","minValue":"11","maxValue":"50"}},{"@type":"Person","@id":"https:\/\/www.panter.ch\/en\/#\/schema\/person\/17955a8092d4a5671347f2f158635479","name":"Roberto","image":{"@type":"ImageObject","inLanguage":"en-US","@id":"https:\/\/secure.gravatar.com\/avatar\/63049a62ffa6445b337ce3fa0e7ad5dbf289f7541d5f9e0f10d871cc3b4241a8?s=96&d=mm&r=g","url":"https:\/\/secure.gravatar.com\/avatar\/63049a62ffa6445b337ce3fa0e7ad5dbf289f7541d5f9e0f10d871cc3b4241a8?s=96&d=mm&r=g","contentUrl":"https:\/\/secure.gravatar.com\/avatar\/63049a62ffa6445b337ce3fa0e7ad5dbf289f7541d5f9e0f10d871cc3b4241a8?s=96&d=mm&r=g","caption":"Roberto"}}]}},"_links":{"self":[{"href":"https:\/\/www.panter.ch\/en\/wp-json\/wp\/v2\/posts\/8555","targetHints":{"allow":["GET"]}}],"collection":[{"href":"https:\/\/www.panter.ch\/en\/wp-json\/wp\/v2\/posts"}],"about":[{"href":"https:\/\/www.panter.ch\/en\/wp-json\/wp\/v2\/types\/post"}],"author":[{"embeddable":true,"href":"https:\/\/www.panter.ch\/en\/wp-json\/wp\/v2\/users\/3"}],"replies":[{"embeddable":true,"href":"https:\/\/www.panter.ch\/en\/wp-json\/wp\/v2\/comments?post=8555"}],"version-history":[{"count":0,"href":"https:\/\/www.panter.ch\/en\/wp-json\/wp\/v2\/posts\/8555\/revisions"}],"wp:featuredmedia":[{"embeddable":true,"href":"https:\/\/www.panter.ch\/en\/wp-json\/wp\/v2\/media\/6193"}],"wp:attachment":[{"href":"https:\/\/www.panter.ch\/en\/wp-json\/wp\/v2\/media?parent=8555"}],"wp:term":[{"taxonomy":"category","embeddable":true,"href":"https:\/\/www.panter.ch\/en\/wp-json\/wp\/v2\/categories?post=8555"},{"taxonomy":"post_tag","embeddable":true,"href":"https:\/\/www.panter.ch\/en\/wp-json\/wp\/v2\/tags?post=8555"}],"curies":[{"name":"wp","href":"https:\/\/api.w.org\/{rel}","templated":true}]}}